{"id":4230,"date":"2019-03-01T11:29:06","date_gmt":"2019-03-01T10:29:06","guid":{"rendered":"http:\/\/www.espacejeunes.mesquerquimiac.fr\/?p=4230"},"modified":"2019-03-07T15:48:12","modified_gmt":"2019-03-07T14:48:12","slug":"avant-premiere-de-confidences-agricoles-on-en-est-encore-la-ou-pas","status":"publish","type":"post","link":"https:\/\/www.espacejeunes.mesquerquimiac.fr\/?p=4230","title":{"rendered":"Avant premi\u00e8re de \u00ab\u00a0Confidences agricoles : on en est encore l\u00e0 ? &#8230; (ou pas)\u00a0\u00bb"},"content":{"rendered":"<p>\u00c7a y est, nous y sommes ! le samedi 16 mars c&rsquo;est la projection du documentaire. Celui-ci dure 58 minutes et sera suivi d&rsquo;un temps d&rsquo;\u00e9changes avec les jeunes du Conseil Municipal des Ados.<\/p>\n<p>La r\u00e9alisation et la projection de ce documentaire salle de l&rsquo;ArtyM\u00e8s n&rsquo;est que le premier objectif que se sont fix\u00e9s les jeunes. Le deuxi\u00e8me \u00e9tant de pouvoir le diffuser dans les coll\u00e8ges, lyc\u00e9es de notre territoire et dans les cin\u00e9mas associatifs. Cela semble \u00eatre sur la bonne voie.<\/p>\n<p>La projection est ouverte \u00e0 tous et toutes dans la limite des places disponibles.<\/p>\n<p>Pour ceux qui n&rsquo;aurait pas encore vu la bande annonce, elle est visible si dessous<\/p>\n<p><iframe loading=\"lazy\" src=\"https:\/\/www.youtube.com\/embed\/HS8mp9GJmzI?feature=oembed&amp;wmode=opaque\" width=\"720\" height=\"405\" frameborder=\"0\" allowfullscreen=\"allowfullscreen\"><\/iframe><\/p>\n","protected":false},"excerpt":{"rendered":"<p>\u00c7a y est, nous y sommes ! le samedi 16 mars c&rsquo;est la projection du documentaire. Celui-ci dure 58 minutes et sera suivi d&rsquo;un temps d&rsquo;\u00e9changes avec les jeunes du Conseil Municipal des Ados.&#46;&#46;&#46;<\/p>\n","protected":false},"author":14,"featured_media":4239,"comment_status":"closed","ping_status":"closed","sticky":false,"template":"","format":"standard","meta":{"ngg_post_thumbnail":0,"footnotes":""},"categories":[38,45],"tags":[],"class_list":["post-4230","post","type-post","status-publish","format-standard","has-post-thumbnail","hentry","category-accueil","category-conseil-municipal-des-ados"],"jetpack_featured_media_url":"https:\/\/www.espacejeunes.mesquerquimiac.fr\/word\/wp-content\/uploads\/invitation2.png","_links":{"self":[{"href":"https:\/\/www.espacejeunes.mesquerquimiac.fr\/index.php?rest_route=\/wp\/v2\/posts\/4230","targetHints":{"allow":["GET"]}}],"collection":[{"href":"https:\/\/www.espacejeunes.mesquerquimiac.fr\/index.php?rest_route=\/wp\/v2\/posts"}],"about":[{"href":"https:\/\/www.espacejeunes.mesquerquimiac.fr\/index.php?rest_route=\/wp\/v2\/types\/post"}],"author":[{"embeddable":true,"href":"https:\/\/www.espacejeunes.mesquerquimiac.fr\/index.php?rest_route=\/wp\/v2\/users\/14"}],"replies":[{"embeddable":true,"href":"https:\/\/www.espacejeunes.mesquerquimiac.fr\/index.php?rest_route=%2Fwp%2Fv2%2Fcomments&post=4230"}],"version-history":[{"count":9,"href":"https:\/\/www.espacejeunes.mesquerquimiac.fr\/index.php?rest_route=\/wp\/v2\/posts\/4230\/revisions"}],"predecessor-version":[{"id":4241,"href":"https:\/\/www.espacejeunes.mesquerquimiac.fr\/index.php?rest_route=\/wp\/v2\/posts\/4230\/revisions\/4241"}],"wp:featuredmedia":[{"embeddable":true,"href":"https:\/\/www.espacejeunes.mesquerquimiac.fr\/index.php?rest_route=\/wp\/v2\/media\/4239"}],"wp:attachment":[{"href":"https:\/\/www.espacejeunes.mesquerquimiac.fr\/index.php?rest_route=%2Fwp%2Fv2%2Fmedia&parent=4230"}],"wp:term":[{"taxonomy":"category","embeddable":true,"href":"https:\/\/www.espacejeunes.mesquerquimiac.fr\/index.php?rest_route=%2Fwp%2Fv2%2Fcategories&post=4230"},{"taxonomy":"post_tag","embeddable":true,"href":"https:\/\/www.espacejeunes.mesquerquimiac.fr\/index.php?rest_route=%2Fwp%2Fv2%2Ftags&post=4230"}],"curies":[{"name":"wp","href":"https:\/\/api.w.org\/{rel}","templated":true}]}}